{"id":3205,"date":"2019-02-13T14:37:17","date_gmt":"2019-02-13T14:37:17","guid":{"rendered":"http:\/\/retiplus.com\/?p=3205"},"modified":"2023-02-09T16:54:30","modified_gmt":"2023-02-09T16:54:30","slug":"presentacion-de-retiplus-al-profesor-eli-peli-durante-su-visita-al-csic-en-madrid","status":"publish","type":"post","link":"https:\/\/retiplus.com\/en\/presentacion-de-retiplus-al-profesor-eli-peli-durante-su-visita-al-csic-en-madrid\/","title":{"rendered":"Presentaci\u00f3n de RETIPLUS al Profesor Eli Peli durante su visita al CSIC en Madrid"},"content":{"rendered":"<div class=\"wpb-content-wrapper\"><p>[vc_row][vc_column][vc_column_text]<\/p>\r\n<!-- \/wp:post-content -->\r\n\r\n<!-- wp:image {\"id\":3149} \/-->\r\n\r\n<!-- wp:paragraph -->\r\n<p>El Lunes 4 de febrero, responsables de PLUSINDES,SL se reunieron con el <strong>Profesor <a href=\"http:\/\/serinet.meei.harvard.edu\/faculty\/peli\/\">Eli Peli<\/a> <\/strong>y le mostraron el <strong>SISTEMA RETIPLUS<\/strong>.<\/p>\r\n<!-- \/wp:paragraph -->\r\n\r\n<!-- wp:paragraph -->\r\n<p>El creador de <strong>RETIPLUS<\/strong> y otros dos socios de <strong>PLUSINDES, SL<\/strong> intercambiaron impresiones sobre la potencialidad de RETIPLUS y su exclusivo m\u00e9todo de &#8220;posicionamiento de la imagen&#8221; en el resto visual del paciente de baja visi\u00f3n.<\/p>\r\n<!-- \/wp:paragraph -->\r\n\r\n<!-- wp:paragraph -->\r\n<p>Seguidamente se desplazaron al <strong>INSTITUTO de \u00d3PTICA Daza de Vald\u00e9s del CSIC (IO-CSIC)<\/strong>, donde asistieron a la master class del profesor sobre <a href=\"https:\/\/www.io.csic.es\/ca_noticias.php?Id=169\"><strong>&#8220;Images and visi\u00f3n &#8220;In- and on- eye telescopes for low vision&#8221;.\u00a0<\/strong><\/a><\/p>\r\n<!-- \/wp:paragraph -->\r\n\r\n<!-- wp:paragraph -->\r\n<p><strong>PLUSINDES, SL<\/strong> agradece al\u00a0<strong>Profesor <a href=\"http:\/\/serinet.meei.harvard.edu\/faculty\/peli\/\">Eli Peli <\/a><\/strong>y a los cient\u00edficos del CSIC, <strong>Susana Marcos, <\/strong>Directora del Instituto de \u00d3ptica y <strong>Gabriel Cristobal, <\/strong>investigador, su inter\u00e9s y apoyo.<\/p>\r\n<!-- \/wp:paragraph -->\r\n\r\n<!-- wp:paragraph -->\r\n<p>&#8212;&#8212;&#8212;&#8212;&#8212;&#8212;&#8211;<\/p>\r\n<!-- \/wp:paragraph -->\r\n\r\n<!-- wp:paragraph -->\r\n<p><strong><em>Sobre Eli Peli, M.Sc., O.D. <\/em><\/strong><\/p>\r\n<!-- \/wp:paragraph -->\r\n\r\n<!-- wp:paragraph -->\r\n<p><em>El Dr. Peli es investigador en el Instituto Schepens de Investigaci\u00f3n Oftalmol\u00f3gica y Profesor Adjunto de Oftalmolog\u00eda del Departamento de Oftalmolog\u00eda de la Facultad de Medicina de la <\/em><strong><em>Universidad de Harvard<\/em><\/strong><em>.<\/em> <em>Es considerando el m\u00e1s relevante especialista mundial en la investigaci\u00f3n del procesamiento de im\u00e1genes para la visi\u00f3n, y sus descubrimientos, patentes y papers son gu\u00eda para Universidades y especialistas de \u00e1mbito global.<\/em><\/p>\r\n<!-- \/wp:paragraph -->\r\n\r\n<!-- wp:paragraph -->\r\n<p><em>Licenciado en Ingenier\u00eda El\u00e9ctrica\u00a0y en Ingenier\u00eda Bio-m\u00e9dica por el Instituto de Tecnolog\u00eda de Israel; Doctor en Optometr\u00eda por el New England College of Optometry de Boston, sus principales \u00e1reas de inter\u00e9s son: el procesado de im\u00e1genes en relaci\u00f3n a las funciones visuales y la psicof\u00edsica cl\u00ednica en la rehabilitaci\u00f3n de la visi\u00f3n reducida, la comprensi\u00f3n de im\u00e1genes, y la evaluaci\u00f3n de la interacci\u00f3n entre\u00a0 visualizaci\u00f3n y visi\u00f3n. Asimismo, se interesa por el control oculomotor y la visi\u00f3n binocular. <\/em> <em>El Dr. Peli es asesor en numerosas compa\u00f1\u00edas dedicadas a la instrumentaci\u00f3n oft\u00e1lmica, as\u00ed como fabricantes de dispositivos. <\/em><\/p>\r\n<!-- \/wp:paragraph -->\r\n<p>&nbsp;<\/p>\r\n<!-- wp:paragraph {\"align\":\"left\"} \/-->\r\n<p>\u00a0 [\/vc_column_text][vc_single_image image=&#8221;3182&#8243; img_size=&#8221;full&#8221;][\/vc_column][\/vc_row]<\/p><\/div>","protected":false},"excerpt":{"rendered":"<p>[vc_row][vc_column][vc_column_text] El Lunes 4 de febrero, responsables de PLUSINDES,SL se reunieron con el Profesor Eli Peli y le mostraron el SISTEMA RETIPLUS. El creador de RETIPLUS y otros dos socios de PLUSINDES, SL intercambiaron impresiones sobre la potencialidad de RETIPLUS y su exclusivo m\u00e9todo de &#8220;posicionamiento de la imagen&#8221; en el resto visual del paciente [&hellip;]<\/p>\n","protected":false},"author":1,"featured_media":3180,"comment_status":"closed","ping_status":"closed","sticky":false,"template":"","format":"standard","meta":{"om_disable_all_campaigns":false,"_monsterinsights_skip_tracking":false,"_monsterinsights_sitenote_active":false,"_monsterinsights_sitenote_note":"","_monsterinsights_sitenote_category":0,"_joinchat":[],"footnotes":""},"categories":[83,76],"tags":[],"class_list":["post-3205","post","type-post","status-publish","format-standard","has-post-thumbnail","hentry","category-favorites","category-uncategorized"],"featured_image_src":{"landsacpe":["https:\/\/retiplus.com\/wp-content\/uploads\/2019\/02\/profesor-peli-900x445.jpg",900,445,true],"list":["https:\/\/retiplus.com\/wp-content\/uploads\/2019\/02\/profesor-peli-463x348.jpg",463,348,true],"medium":["https:\/\/retiplus.com\/wp-content\/uploads\/2019\/02\/profesor-peli-300x148.jpg",300,148,true],"full":["https:\/\/retiplus.com\/wp-content\/uploads\/2019\/02\/profesor-peli.jpg",900,445,false]},"_links":{"self":[{"href":"https:\/\/retiplus.com\/en\/wp-json\/wp\/v2\/posts\/3205\/"}],"collection":[{"href":"https:\/\/retiplus.com\/en\/wp-json\/wp\/v2\/posts\/"}],"about":[{"href":"https:\/\/retiplus.com\/en\/wp-json\/wp\/v2\/types\/post\/"}],"author":[{"embeddable":true,"href":"https:\/\/retiplus.com\/en\/wp-json\/wp\/v2\/users\/1\/"}],"replies":[{"embeddable":true,"href":"https:\/\/retiplus.com\/en\/wp-json\/wp\/v2\/comments\/?post=3205"}],"version-history":[{"count":2,"href":"https:\/\/retiplus.com\/en\/wp-json\/wp\/v2\/posts\/3205\/revisions\/"}],"predecessor-version":[{"id":3207,"href":"https:\/\/retiplus.com\/en\/wp-json\/wp\/v2\/posts\/3205\/revisions\/3207\/"}],"wp:featuredmedia":[{"embeddable":true,"href":"https:\/\/retiplus.com\/en\/wp-json\/wp\/v2\/media\/3180\/"}],"wp:attachment":[{"href":"https:\/\/retiplus.com\/en\/wp-json\/wp\/v2\/media\/?parent=3205"}],"wp:term":[{"taxonomy":"category","embeddable":true,"href":"https:\/\/retiplus.com\/en\/wp-json\/wp\/v2\/categories\/?post=3205"},{"taxonomy":"post_tag","embeddable":true,"href":"https:\/\/retiplus.com\/en\/wp-json\/wp\/v2\/tags\/?post=3205"}],"curies":[{"name":"wp","href":"https:\/\/api.w.org\/{rel}","templated":true}]}}